{"id":208877,"date":"2022-02-17T18:16:35","date_gmt":"2022-02-17T17:16:35","guid":{"rendered":"https:\/\/www.institut-tamis.rs\/?p=208877"},"modified":"2022-03-22T09:29:51","modified_gmt":"2022-03-22T08:29:51","slug":"rezidba-maline","status":"publish","type":"post","link":"https:\/\/institut-tamis.rs\/en\/vocarstvo-i-vinogradarstvo\/rezidba-maline\/","title":{"rendered":"Raspberry pruning"},"content":{"rendered":"<p>Malina je vrlo zastupljena vo\u0107na vrsta i jo\u0161 od osamdesetih godina uzela primat me\u0111u jagodi\u010dastim vo\u0107em u na\u0161oj zemlji. Srbija se u svetu visoko kotira po pitanju proizvedenih koli\u010dina, a jo\u0161 zna\u010dajnije i po kvalitetu ploda, \u0161to omogu\u0107ava relativno lak plasman i vrlo dobre cene. Zbog navedenog o\u010digledno je da ovoj gajenoj vo\u0107noj vrsti treba posvetiti punu pa\u017enju odnosno primeniti sve savremene agrotehni\u010dke i pomotehni\u010dke mere kojima se obezbe\u0111uje uspe\u0161na proizvodnja.<\/p>\n<p>Jedna od osnosvnih pomotehni\u010dkih mera jeste i rezidba maline. Prema cilju izvo\u0111enja rezidba mo\u017ee biti razli\u010dita:<\/p>\n<ul>\n<li>Rezidba izdanaka nakon sadnje,<\/li>\n<li>uklanjanje suvi\u0161nih i prekra\u0107ivanje ostavljenih izdanaka na rod<\/li>\n<li>uklanjanje izdanaka koji su doneli rod,<\/li>\n<li>uklanjanje prvih serija mladih izdanaka<\/li>\n<\/ul>\n<p>Prekra\u0107ivanje izdanaka nakon sadnje vr\u0161i se u prole\u0107e tako \u0161to se sadnice prekra\u0107uju na 20 cm od povr\u0161ine zemlje odnosno na 2-3 pupoljka. Cilj ove rezidbe je uspostavljanje balansa izme\u0111u korenovog sistema, koji je jo\u0161 uvek slabo razvijen, i nadzemnog dela biljke.<\/p>\n<p>Rezidbu pri kojoj se vr\u0161i odabir novih izdanaka za rod treba vr\u0161iti u prole\u0107e, ne pre ovog perioda. Razlog je \u0161to se na samom izdanku u ovom momentu lak\u0161e vide o\u0161te\u0107enja, posebno ona nastala od mraza, tako da je njihov izbor znatno olak\u0161an. Pri ovoj rezidbi uklanja se (do osnove) suvi\u0161an broj izdanaka jer malina ina\u010de formira znatno vi\u0161e izdanaka nego \u0161to je potrebno za obezbe\u0111ivanje visokih prinosa dobrog kvaliteta.<br \/>\nNa ovaj na\u010din se odabrani izdanci dobijaju dovoljno prostora, svetla i hranljivih materija za adekvatan rod. Uklanjaju se suvi\u0161e tanki ili debeli izdanci, o\u0161te\u0107eni i oboleli izdanci i izdanci koji su razgranati.<br \/>\nUkoliko u izboru imamo dosta izdanaka koji su se razgranali njih tako\u0111e treba orezati i to tako da se bo\u010dne grane prorede i budu na razmaku od 10-15 cm jedna izme\u0111u druge, a same bo\u010dne grane se prekrate na 2-3 pupoljka.<br \/>\nNa kraju ove rezidbe treba da ostane 5-6 izdanaka u du\u017enom metru, najvi\u0161e 8 izdanaka i to ako su ne\u0161to manje bujnosti, a visina na kojoj prekra\u0107ujemo ove izdanke se kre\u0107e od 170 do 200 cm od povr\u0161ine zemlje.<\/p>\n<p><img loading=\"lazy\" decoding=\"async\" class=\"alignnone size-medium wp-image-208881\" src=\"https:\/\/institut-tamis.rs\/wp-content\/uploads\/2022\/02\/Rezidba-maline-300x188.jpg\" alt=\"\" width=\"300\" height=\"188\" \/><\/p>\n<p><strong>Slika 1. Rezidba izdanaka koji su doneli rod, i rezidba izdanaka koji ostaju na rod idu\u0107e vegetacije<\/strong><\/p>\n<p>Rezidba nakon berbe se vr\u0161i u periodu od 7 do 10 dana nakon zavr\u0161ene berbe. Do osnove se uklanjaju izdanci koji su doneli rod, iznose se i spaljuju. U ovom periodu od od nedelju dana ovi izdanci koji su doneli rod formiranju takozvani \u201e\u0161areni hlad\u201c koji ima zadatak da za\u0161titi mlade izdanke od Sunca ukoliko je insolacija jaka, dok se oni sami ne prilagode.<\/p>\n<p>Uklanjanje prvih serija izdanaka treba vr\u0161iti da u vreme berbe ne bi postojali previ\u0161e jaki i razvijeni izdanci koji bi tu meru kao i mnoge druge ote\u017eavali. Njihovo uklanjanje vr\u0161iti kada oni dostignu 10-15 cm visine i dok su jo\u0161 uvek zeljasti. Kasnije oni odrvene i ova mera postaje znatno te\u017ea. Ukoliko postoji izvor vode, odnosno sistem navodnjavanja ove izdanke mo\u017eemo uklanjati sve do kraj maja, me\u0111utim ukoliko nemamo dovoljno vode, a i dovoljno dobru ishranu njih mo\u017eemo uklanjati do kraja aprila tj. svega jednom ili dva puta. Uklanjanje izdanaka mo\u017ee se vr\u0161iti ru\u010dno ili hemijski putem.<\/p>","protected":false},"excerpt":{"rendered":"<p>Malina je vrlo zastupljena vo\u0107na vrsta i jo\u0161 od osamdesetih godina uzela primat me\u0111u jagodi\u010dastim vo\u0107em u na\u0161oj zemlji. Srbija se u svetu visoko kotira po pitanju proizvedenih koli\u010dina, a jo\u0161 zna\u010dajnije i po kvalitetu ploda, \u0161to omogu\u0107ava relativno lak plasman i vrlo dobre cene. Zbog navedenog o\u010digledno je da ovoj gajenoj vo\u0107noj vrsti treba [&hellip;]<\/p>\n","protected":false},"author":5,"featured_media":208881,"comment_status":"open","ping_status":"open","sticky":false,"template":"","format":"standard","meta":{"_et_pb_use_builder":"","_et_pb_old_content":"","_et_gb_content_width":"","footnotes":""},"categories":[223],"tags":[],"dipi_cpt_category":[],"class_list":["post-208877","post","type-post","status-publish","format-standard","has-post-thumbnail","hentry","category-vocarstvo-i-vinogradarstvo"],"rttpg_featured_image_url":{"full":["https:\/\/institut-tamis.rs\/wp-content\/uploads\/2022\/02\/Rezidba-maline.jpg",800,500,false],"landscape":["https:\/\/institut-tamis.rs\/wp-content\/uploads\/2022\/02\/Rezidba-maline.jpg",800,500,false],"portraits":["https:\/\/institut-tamis.rs\/wp-content\/uploads\/2022\/02\/Rezidba-maline.jpg",800,500,false],"thumbnail":["https:\/\/institut-tamis.rs\/wp-content\/uploads\/2022\/02\/Rezidba-maline-150x150.jpg",150,150,true],"medium":["https:\/\/institut-tamis.rs\/wp-content\/uploads\/2022\/02\/Rezidba-maline-300x188.jpg",300,188,true],"large":["https:\/\/institut-tamis.rs\/wp-content\/uploads\/2022\/02\/Rezidba-maline.jpg",800,500,false],"1536x1536":["https:\/\/institut-tamis.rs\/wp-content\/uploads\/2022\/02\/Rezidba-maline.jpg",800,500,false],"2048x2048":["https:\/\/institut-tamis.rs\/wp-content\/uploads\/2022\/02\/Rezidba-maline.jpg",800,500,false],"trp-custom-language-flag":["https:\/\/institut-tamis.rs\/wp-content\/uploads\/2022\/02\/Rezidba-maline.jpg",18,12,false],"bloom_image":["https:\/\/institut-tamis.rs\/wp-content\/uploads\/2022\/02\/Rezidba-maline-610x381.jpg",610,381,true],"et-pb-post-main-image":["https:\/\/institut-tamis.rs\/wp-content\/uploads\/2022\/02\/Rezidba-maline-400x250.jpg",400,250,true],"et-pb-post-main-image-fullwidth":["https:\/\/institut-tamis.rs\/wp-content\/uploads\/2022\/02\/Rezidba-maline.jpg",800,500,false],"et-pb-portfolio-image":["https:\/\/institut-tamis.rs\/wp-content\/uploads\/2022\/02\/Rezidba-maline-400x284.jpg",400,284,true],"et-pb-portfolio-module-image":["https:\/\/institut-tamis.rs\/wp-content\/uploads\/2022\/02\/Rezidba-maline-510x382.jpg",510,382,true],"et-pb-portfolio-image-single":["https:\/\/institut-tamis.rs\/wp-content\/uploads\/2022\/02\/Rezidba-maline.jpg",800,500,false],"et-pb-gallery-module-image-portrait":["https:\/\/institut-tamis.rs\/wp-content\/uploads\/2022\/02\/Rezidba-maline-400x500.jpg",400,500,true],"et-pb-post-main-image-fullwidth-large":["https:\/\/institut-tamis.rs\/wp-content\/uploads\/2022\/02\/Rezidba-maline.jpg",800,500,false],"et-pb-image--responsive--desktop":["https:\/\/institut-tamis.rs\/wp-content\/uploads\/2022\/02\/Rezidba-maline.jpg",800,500,false],"et-pb-image--responsive--tablet":["https:\/\/institut-tamis.rs\/wp-content\/uploads\/2022\/02\/Rezidba-maline.jpg",800,500,false],"et-pb-image--responsive--phone":["https:\/\/institut-tamis.rs\/wp-content\/uploads\/2022\/02\/Rezidba-maline-480x300.jpg",432,270,true]},"rttpg_author":{"display_name":"Aleksa Bla\u017ei\u0107","author_link":"https:\/\/institut-tamis.rs\/en\/author\/aleksa\/"},"rttpg_comment":0,"rttpg_category":"<a href=\"https:\/\/institut-tamis.rs\/en\/category\/vocarstvo-i-vinogradarstvo\/\" rel=\"category tag\">Vo\u0107arstvo i vinogradarstvo<\/a>","rttpg_excerpt":"Malina je vrlo zastupljena vo\u0107na vrsta i jo\u0161 od osamdesetih godina uzela primat me\u0111u jagodi\u010dastim vo\u0107em u na\u0161oj zemlji. Srbija se u svetu visoko kotira po pitanju proizvedenih koli\u010dina, a jo\u0161 zna\u010dajnije i po kvalitetu ploda, \u0161to omogu\u0107ava relativno lak plasman i vrlo dobre cene. Zbog navedenog o\u010digledno je da ovoj gajenoj vo\u0107noj vrsti treba&hellip;","_links":{"self":[{"href":"https:\/\/institut-tamis.rs\/en\/wp-json\/wp\/v2\/posts\/208877","targetHints":{"allow":["GET"]}}],"collection":[{"href":"https:\/\/institut-tamis.rs\/en\/wp-json\/wp\/v2\/posts"}],"about":[{"href":"https:\/\/institut-tamis.rs\/en\/wp-json\/wp\/v2\/types\/post"}],"author":[{"embeddable":true,"href":"https:\/\/institut-tamis.rs\/en\/wp-json\/wp\/v2\/users\/5"}],"replies":[{"embeddable":true,"href":"https:\/\/institut-tamis.rs\/en\/wp-json\/wp\/v2\/comments?post=208877"}],"version-history":[{"count":1,"href":"https:\/\/institut-tamis.rs\/en\/wp-json\/wp\/v2\/posts\/208877\/revisions"}],"predecessor-version":[{"id":208883,"href":"https:\/\/institut-tamis.rs\/en\/wp-json\/wp\/v2\/posts\/208877\/revisions\/208883"}],"wp:featuredmedia":[{"embeddable":true,"href":"https:\/\/institut-tamis.rs\/en\/wp-json\/wp\/v2\/media\/208881"}],"wp:attachment":[{"href":"https:\/\/institut-tamis.rs\/en\/wp-json\/wp\/v2\/media?parent=208877"}],"wp:term":[{"taxonomy":"category","embeddable":true,"href":"https:\/\/institut-tamis.rs\/en\/wp-json\/wp\/v2\/categories?post=208877"},{"taxonomy":"post_tag","embeddable":true,"href":"https:\/\/institut-tamis.rs\/en\/wp-json\/wp\/v2\/tags?post=208877"},{"taxonomy":"dipi_cpt_category","embeddable":true,"href":"https:\/\/institut-tamis.rs\/en\/wp-json\/wp\/v2\/dipi_cpt_category?post=208877"}],"curies":[{"name":"wp","href":"https:\/\/api.w.org\/{rel}","templated":true}]}}